{"id":786,"date":"2021-04-27T19:08:23","date_gmt":"2021-04-27T19:08:23","guid":{"rendered":"https:\/\/www2.iepcjalisco.org.mx\/proceso-electoral-2021\/?p=786"},"modified":"2023-08-28T20:03:41","modified_gmt":"2023-08-28T20:03:41","slug":"registro-estatal-de-personas-sancionadas-en-materia-de-violencia-politica","status":"publish","type":"post","link":"https:\/\/www2.iepcjalisco.org.mx\/proceso-electoral-2021\/?p=786","title":{"rendered":"Registro Estatal de Personas Sancionadas en Materia de Violencia Pol\u00edtica"},"content":{"rendered":"\t\t<div data-elementor-type=\"wp-post\" data-elementor-id=\"786\" class=\"elementor elementor-786\" data-elementor-settings=\"[]\">\n\t\t\t\t\t\t\t<div class=\"elementor-section-wrap\">\n\t\t\t\t\t\t\t<section class=\"elementor-section elementor-top-section elementor-element elementor-element-6971596 elementor-section-boxed elementor-section-height-default elementor-section-height-default\" data-id=\"6971596\" data-element_type=\"section\">\n\t\t\t\t\t\t<div class=\"elementor-container elementor-column-gap-default\">\n\t\t\t\t\t<div class=\"elementor-column elementor-col-100 elementor-top-column elementor-element elementor-element-7d10702\" data-id=\"7d10702\" data-element_type=\"column\">\n\t\t\t<div class=\"elementor-widget-wrap elementor-element-populated\">\n\t\t\t\t\t\t\t\t<div class=\"elementor-element elementor-element-588443e elementor-widget elementor-widget-html\" data-id=\"588443e\" data-element_type=\"widget\" data-widget_type=\"html.default\">\n\t\t\t\t<div class=\"elementor-widget-container\">\n\t\t\t\n<div id=\"div1\">\n    <style type=\"text\/css\">\n        #div1 {\n         overflow:scroll;\n         height:400PX;\n         width:1100px;\n            \n        }\n        #div1 table {\n        width:7000px;\n        background-color:;\n        }\n        \n        th, td {\n        width: auto;\n        border: 1px solid #aaa9a9;\n        border-collapse: collapse;\n        padding:.5EM;\n        text-align:center;\n        font-size:.9em;\n        word-break: keep-all;\n        }\n        \n        tr:first-child {\n            background-color:#B7DEE8;\n            font-weight: 600;\n        }\n        \n        tr:nth-child(0n+2) {background-color:#0000; color:#;\n        }\n\n    <\/style>\n\n<table>\n    <tr>\n        <td>Nombre<\/td>\n        <td> Sexo<\/td>\n        <td>\u00c1mbito Territorial<\/td>\n        <td>Entidad Federativa<\/td>\n        <td>Municipio<\/td>\n        <td>Cargo desempe\u00f1ado por la persona infractora al momento de la sanci\u00f3n<\/td>\n        <td>Partido pol\u00edtico, coalici\u00f3n postulante o candidatura independiente<\/td>\n        <td>Relaci\u00f3n con la victima (jerarquica, pares, opositores, subordinaci\u00f3n)<\/td>\n        <td>N\u00famero De Expediente<\/td>\n        <td>Incidencia<\/td>\n        <td>\u00d3rgano Resolutor<\/td>\n        <td>Fecha De La Resoluci\u00f3n<\/td>\n        <td>Conducta<\/td>\n        <td>Sanci\u00f3n<\/td>\n        <td>Permanencia<\/td>\n        <td>Reincidencia De La Conducta<\/td>\n        <td>Resoluci\u00f3n Penal<\/td>\n        <td>Analiz\u00f3 Modo Honesto De Vivir<\/td>\n        <td>Cumple Modo Honesto De Vivir<\/td>\n        <td>Calidad del sujeto infractor <\/td>\n        <td>Documento Enlace<\/td>\n        <td>Enlace Utce Temporalidad<\/td>\n        <td>Interseccion de la v\u00edctima<\/td>\n        <td>Tipo de violencia <\/td>\n        <td>Modalidad de violencia<\/td>\n        <td>Medidas de reparacion <\/td>\n        \n    <\/tr>\n    <tr>\n        <td>ALFREDO P\u00c9REZ HERRERA<\/td>\n        <td>Hombre<\/td>\n        <td>Estatal<\/td>\n        <td>Jalisco<\/td>\n        <td>Zapotl\u00e1n el Grande<\/td>\n        <td>Director y propietario del peri\u00f3dico \"LA VOZ del Sur de Jalisco\"<\/td>\n        <td>No aplica <\/td>\n        <td>Ninguna<\/td>\n        <td>PSE-TEJ-008\/2021<\/td>\n        <td>No aplica <\/td>\n        <td>TE<\/td>\n        <td>22\/02\/2021<\/td>\n        <td>Publicaci\u00f3n en 1ra plana de dos mujeres ri\u00f1endo tomadas del cabello, con el t\u00edtulo \"Mujeres pelear\u00e1n por la alcald\u00eda de Zapotl\u00e1n, dando a entender que las contiendas entre mujeres no son racionales, desincentivando su participaci\u00f3n pol\u00edtica.<\/td>\n        <td>Amonestaci\u00f3n p\u00fablica; grave especial<\/td>\n        <td>29\/12\/2027<\/td>\n        <td>NULL<\/td>\n        <td>No<\/td>\n        <td>No<\/td>\n        <td>No aplica <\/td>\n        <td>Medio de comunicaci\u00f3n <\/td>\n        <td><a href=\"https:\/\/www.triejal.gob.mx\/pse-tej-008-2021\/\">Enlace<\/a> <\/td>\n        <td><a href=\"https:\/\/www2.iepcjalisco.org.mx\/proceso-electoral-2021\/wp-content\/uploads\/2021\/04\/Acuerdo-de-SE-materia-de-violencia-politica-contra-mujeres-en-razon-de-genero.pdf\">Enlace<\/a> <\/td>\n        <td>No aplica<\/td>\n        <td>Simb\u00f3lica<\/td>\n        <td>No lo analiza<\/td>\n        <td>Disculpa p\u00fablica,Medidas de no repetici\u00f3n<\/td>\n       \n    <\/tr>\n    <tr>\n        <td>C\u00c9SAR LANGARICA SANTANA<\/td>\n        <td>Hombre<\/td>\n        <td>Estatal<\/td>\n        <td>Jalisco<\/td>\n        <td>NULL<\/td>\n        <td>Periodista<\/td>\n        <td>No aplica <\/td>\n        <td>Ninguna<\/td>\n        <td>PSE-TEJ-171\/2021<\/td>\n        <td>No aplica<\/td>\n        <td>TE<\/td>\n        <td>22 de octubre de 2021<\/td>\n        <td>Publicaci\u00f3n de notas period\u00edsticas que reproducen estereotipos de g\u00e9nero con la finalidad de denostar la capacidad intelectual de la v\u00edctima, y da\u00f1ar su dignidad e integridad.<\/td>\n        <td>Amonestaci\u00f3n p\u00fablica; leve<\/td>\n        <td>07\/11\/2025<\/td>\n        <td>No<\/td>\n        <td>No<\/td>\n        <td>No<\/td>\n        <td>No aplica <\/td>\n        <td>Propietario de la p\u00e1gina \"Reporte Diario\"<\/td>\n        <td><a href=\"https:\/\/www.triejal.gob.mx\/pse-tej-171-2021\/\">Enlace<\/a> <\/td>\n        <td><a href=\"https:\/\/www2.iepcjalisco.org.mx\/proceso-electoral-2021\/wp-content\/uploads\/2021\/11\/Ac.-Aprobado-Temporalidad-171-2021.pdf\">Enlace<\/a> <\/td>\n        <td>No aplica<\/td>\n        <td>Simb\u00f3lica<\/td>\n        <td>No lo analiza<\/td>\n        <td>Medidas de no repetici\u00f3n<\/td>\n        \n    <\/tr>\n    <tr>\n        <td>MACEDONIO LE\u00d3N RODR\u00cdGUEZ \u00c1VALOS<\/td>\n        <td>Hombre<\/td>\n        <td>Estatal<\/td>\n        <td>Jalisco<\/td>\n        <td>NULL<\/td>\n        <td>Candidato (a)<\/td>\n        <td>No aplica <\/td>\n        <td>Opositor en la contienda<\/td>\n        <td>PSE-TEJ-178\/2021<\/td>\n        <td>No aplica<\/td>\n        <td>TE<\/td>\n        <td>05\/11\/2021<\/td>\n        <td>Publicaci\u00f3n en Facebook con la imagen de la v\u00edctima y texto, con la finalidad de denostar su capacidad como candidata, descalific\u00e1ndola como una l\u00edder pol\u00edtica eficaz; asimismo se declar\u00f3 la responsabilidad del partido por culpa in vigilando.<\/td>\n        <td>Amonestaci\u00f3n p\u00fablica; leve<\/td>\n        <td>04\/05\/2025<\/td>\n        <td>No<\/td>\n        <td>No<\/td>\n        <td>No<\/td>\n        <td>No aplica <\/td>\n        <td>Partido pol\u00edtico<\/td>\n        <td><a href=\"https:\/\/www2.iepcjalisco.org.mx\/proceso-electoral-2021\/wp-content\/uploads\/2022\/04\/PSE-TEJ-178-2021.pdf \">Enlace<\/a> <\/td>\n        <td><a href=\"https:\/\/www2.iepcjalisco.org.mx\/proceso-electoral-2021\/wp-content\/uploads\/2022\/05\/PSE-TEJ-178-2021_TEMPORALIDAD.pdf\">Enlace<\/a> <\/td>\n        <td>No aplica<\/td>\n        <td>Simb\u00f3lica<\/td>\n        <td>No lo analiza<\/td>\n        <td>Medidas de no repetici\u00f3n<\/td>\n       \n    <\/tr>\n    <tr>\n        <td>MAR\u00cdA DEL CARMEN V\u00c1ZQUEZ AMADOR<\/td>\n        <td>Mujer<\/td>\n        <td>Municipal<\/td>\n        <td>Jalisco<\/td>\n        <td>Tlajomulco de Z\u00fa\u00f1iga<\/td>\n        <td>Periodista <\/td>\n        <td>No aplica <\/td>\n        <td>Ninguna<\/td>\n        <td> PSE-TEJ-034\/2021<\/td>\n        <td>No aplica <\/td>\n        <td>TE<\/td>\n        <td>13\/05\/2021<\/td>\n        <td>Expresiones realizadas en 5 videos publicados en Facebook, que da\u00f1an la dignidad e integridad de la victima, en el ejercicio de sus derechos pol\u00edticos y electorales<\/td>\n        <td>Amonestaci\u00f3n p\u00fablica, leve<\/td>\n        <td>03\/02\/2027<\/td>\n        <td>No<\/td>\n        <td>No<\/td>\n        <td>No<\/td>\n        <td>No aplica <\/td>\n        <td>Medio de comunicaci\u00f3n<\/td>\n        <td><a href=\"https:\/\/www.triejal.gob.mx\/pse-tej-034-2021\/\">Enlace<\/a> <\/td>\n        <td><a href=\"https:\/\/www2.iepcjalisco.org.mx\/proceso-electoral-2021\/wp-content\/uploads\/2021\/08\/2-CASO-Acuerdo-SE-Temporalidad-Registro-Violencia-Maria-del-Carmen-Vazquez-Amador-1.pdf\">Enlace<\/a> <\/td>\n        <td>Persona con discapacidad<\/td>\n        <td>Verbal<\/td>\n        <td>No lo analiza<\/td>\n        <td>Medidas de no repetici\u00f3n<\/td>\n       \n    <\/tr>\n    <tr>\n        <td>JORGE ULISES CORONA RAM\u00cdREZ<\/td>\n        <td>Hombre<\/td>\n        <td>Nacional<\/td>\n        <td>Jalisco<\/td>\n        <td>No aplica <\/td>\n        <td>Ciudadano<\/td>\n        <td>No aplica <\/td>\n        <td>Ninguna<\/td>\n        <td>SRE-PSC-86\/2023<\/td>\n        <td>No aplica <\/td>\n        <td>TEPJF SER<\/td>\n        <td>8\/3\/23<\/td>\n        <td>Obstaculizaci\u00f3n en el ejercicio de alguno de sus derechos pol\u00edtico-electorales<\/td>\n        <td>Multa econ\u00f3mica<\/td>\n        <td>2\/24\/25<\/td>\n        <td>No<\/td>\n        <td>No<\/td>\n        <td>No<\/td>\n        <td>No aplica <\/td>\n        <td>Ciudadano<\/td>\n        <td><a href=\"https:\/\/www.te.gob.mx\/EE\/SRE\/2023\/PSC\/86\/SRE_2023_PSC_86-1272763.pdf\">Enlace<\/a> <\/td>\n        <td><a href=\"https:\/\/www.te.gob.mx\/EE\/SRE\/2023\/PSC\/86\/SRE_2023_PSC_86-1272763.pdf\">Enlace<\/a> <\/td>\n        <td>No aplica<\/td>\n        <td>Psicol\u00f3gica; Simb\u00f3lica<\/td>\n        <td>Digital<\/td>\n        <td>Disculpa p\u00fablica; Medidas de no repetici\u00f3n<\/td>\n        \n    <\/tr>\n\n<\/table>\n\n<\/div>\t\t<\/div>\n\t\t\t\t<\/div>\n\t\t\t\t\t<\/div>\n\t\t<\/div>\n\t\t\t\t\t\t\t<\/div>\n\t\t<\/section>\n\t\t\t\t<section class=\"elementor-section elementor-top-section elementor-element elementor-element-4fc8e5b elementor-section-boxed elementor-section-height-default elementor-section-height-default\" data-id=\"4fc8e5b\" data-element_type=\"section\">\n\t\t\t\t\t\t<div class=\"elementor-container elementor-column-gap-default\">\n\t\t\t\t\t<div class=\"elementor-column elementor-col-100 elementor-top-column elementor-element elementor-element-e436ab3\" data-id=\"e436ab3\" data-element_type=\"column\">\n\t\t\t<div class=\"elementor-widget-wrap elementor-element-populated\">\n\t\t\t\t\t\t\t\t<div class=\"elementor-element elementor-element-d852563 elementor-widget elementor-widget-heading\" data-id=\"d852563\" data-element_type=\"widget\" data-widget_type=\"heading.default\">\n\t\t\t\t<div class=\"elementor-widget-container\">\n\t\t\t<h4 class=\"elementor-heading-title elementor-size-default\"><a href=\"https:\/\/www.ine.mx\/actores-politicos\/registro-nacional-de-personas-sancionadas\/\">Ir al Registro Nacional de Personas Sancionadas<\/a><\/h4>\t\t<\/div>\n\t\t\t\t<\/div>\n\t\t\t\t\t<\/div>\n\t\t<\/div>\n\t\t\t\t\t\t\t<\/div>\n\t\t<\/section>\n\t\t\t\t\t\t<\/div>\n\t\t\t\t\t<\/div>\n\t\t","protected":false},"excerpt":{"rendered":"<p>Nombre Sexo \u00c1mbito Territorial Entidad Federativa Municipio Cargo desempe\u00f1ado por la persona infractora al momento de la sanci\u00f3n Partido pol\u00edtico, coalici\u00f3n postulante o candidatura independiente Relaci\u00f3n con la victima (jerarquica, pares, opositores, subordinaci\u00f3n) N\u00famero De Expediente Incidencia \u00d3rgano Resolutor Fecha De La Resoluci\u00f3n Conducta Sanci\u00f3n Permanencia Reincidencia De La Conducta Resoluci\u00f3n Penal Analiz\u00f3 Modo Honesto [&hellip;]<\/p>\n","protected":false},"author":1,"featured_media":0,"comment_status":"closed","ping_status":"closed","sticky":false,"template":"elementor_header_footer","format":"standard","meta":{"footnotes":""},"categories":[1],"tags":[],"class_list":["post-786","post","type-post","status-publish","format-standard","hentry","category-sin-categoria"],"_links":{"self":[{"href":"https:\/\/www2.iepcjalisco.org.mx\/proceso-electoral-2021\/index.php?rest_route=\/wp\/v2\/posts\/786","targetHints":{"allow":["GET"]}}],"collection":[{"href":"https:\/\/www2.iepcjalisco.org.mx\/proceso-electoral-2021\/index.php?rest_route=\/wp\/v2\/posts"}],"about":[{"href":"https:\/\/www2.iepcjalisco.org.mx\/proceso-electoral-2021\/index.php?rest_route=\/wp\/v2\/types\/post"}],"author":[{"embeddable":true,"href":"https:\/\/www2.iepcjalisco.org.mx\/proceso-electoral-2021\/index.php?rest_route=\/wp\/v2\/users\/1"}],"replies":[{"embeddable":true,"href":"https:\/\/www2.iepcjalisco.org.mx\/proceso-electoral-2021\/index.php?rest_route=%2Fwp%2Fv2%2Fcomments&post=786"}],"version-history":[{"count":88,"href":"https:\/\/www2.iepcjalisco.org.mx\/proceso-electoral-2021\/index.php?rest_route=\/wp\/v2\/posts\/786\/revisions"}],"predecessor-version":[{"id":2389,"href":"https:\/\/www2.iepcjalisco.org.mx\/proceso-electoral-2021\/index.php?rest_route=\/wp\/v2\/posts\/786\/revisions\/2389"}],"wp:attachment":[{"href":"https:\/\/www2.iepcjalisco.org.mx\/proceso-electoral-2021\/index.php?rest_route=%2Fwp%2Fv2%2Fmedia&parent=786"}],"wp:term":[{"taxonomy":"category","embeddable":true,"href":"https:\/\/www2.iepcjalisco.org.mx\/proceso-electoral-2021\/index.php?rest_route=%2Fwp%2Fv2%2Fcategories&post=786"},{"taxonomy":"post_tag","embeddable":true,"href":"https:\/\/www2.iepcjalisco.org.mx\/proceso-electoral-2021\/index.php?rest_route=%2Fwp%2Fv2%2Ftags&post=786"}],"curies":[{"name":"wp","href":"https:\/\/api.w.org\/{rel}","templated":true}]}}